{"id":1641,"date":"2025-03-27T10:20:59","date_gmt":"2025-03-27T14:20:59","guid":{"rendered":"https:\/\/sabinasrl.com\/?p=1641"},"modified":"2025-03-27T10:20:59","modified_gmt":"2025-03-27T14:20:59","slug":"1er-seminario-internacional-de-bioseguridad-y-productividad-avicola-sibpa","status":"publish","type":"post","link":"https:\/\/sabinasrl.com\/?p=1641","title":{"rendered":"1er Seminario Internacional de Bioseguridad y Productividad Av\u00edcola &#8211; SIBPA"},"content":{"rendered":"<h4>\u00a1Abierto el 1er Seminario Internacional de Bioseguridad y Productividad Av\u00edcola!<\/h4>\n<p><strong>\ud83d\udcc5 Fecha: <\/strong>03 y 04 de abril de 2025<br \/>\n<strong>\ud83d\udccd Lugar: <\/strong>Sal\u00f3n Chiquitano de Fexpocruz<br \/>\n<strong>\u23f0 Horarios: <\/strong>7:30 a 12:30 y 14:30 a 18:30<\/p>\n<div class=\"my-2\"><\/div>\n<p>El <strong>1er Seminario Internacional de Bioseguridad y Productividad Av\u00edcola (SIBPA) <\/strong>, organizado por ADA (Asociaci\u00f3n de Avicultores), es un evento dise\u00f1ado para fortalecer los conocimientos y pr\u00e1cticas en bioseguridad y mejorar la productividad en la industria av\u00edcola. Este seminario ser\u00e1 un espacio ideal para aprender, intercambiar experiencias y conocer las \u00faltimas tendencias en el sector.<\/p>\n<div class=\"my-2\"><\/div>\n<hr \/>\n<h4>Tem\u00e1ticas Clave:<\/h4>\n<ul>\n<li><strong>Bioseguridad <\/strong>: Aprende estrategias efectivas para prevenir y controlar enfermedades av\u00edcolas, asegurando la salud de tus aves y la sostenibilidad de tu negocio.<\/li>\n<li><strong>Productividad Av\u00edcola <\/strong>: Descubre t\u00e9cnicas innovadoras para optimizar la producci\u00f3n av\u00edcola, desde la gesti\u00f3n de granjas hasta la mejora gen\u00e9tica.<\/li>\n<li><strong>Gesti\u00f3n Integral <\/strong>: Conoce herramientas y metodolog\u00edas que permitan un mejor manejo de recursos y maximizaci\u00f3n de resultados.<\/li>\n<\/ul>\n<div class=\"my-2\"><\/div>\n<hr \/>\n<h4>Destacados Invitados:<\/h4>\n<p>El seminario contar\u00e1 con conferencistas nacionales e internacionales reconocidos en el campo de la avicultura, quienes compartir\u00e1n casos de \u00e9xito, estudios de investigaci\u00f3n y recomendaciones pr\u00e1cticas para mejorar la bioseguridad y la productividad.<\/p>\n<div class=\"my-2\"><\/div>\n<hr \/>\n<h4>Inversi\u00f3n:<\/h4>\n<p>La inversi\u00f3n para participar en el seminario es accesible y cuenta con descuentos especiales durante la preventa:<\/p>\n<div class=\"my-2\"><\/div>\n<div class=\"group relative w-full\">\n<div class=\"scrollbar-hidden relative max-w-full overflow-x-auto whitespace-nowrap rounded-lg\">\n<table class=\"w-full max-w-full table-auto rounded-xl text-left text-sm text-gray-500 dark:text-gray-400\">\n<thead class=\"border-none bg-gray-50 text-xs uppercase text-gray-700 dark:bg-gray-850 dark:text-gray-400\">\n<tr class=\"\">\n<th class=\"cursor-pointer select-none border border-gray-50 !px-2 !py-1.5 dark:border-gray-850\" scope=\"col\">\n<div class=\"flex items-center gap-1.5\">Categor\u00eda<\/div>\n<\/th>\n<th class=\"cursor-pointer select-none border border-gray-50 !px-2 !py-1.5 dark:border-gray-850\" scope=\"col\">\n<div class=\"flex items-center gap-1.5\">Preventa (hasta el 15 de marzo)<\/div>\n<\/th>\n<th class=\"cursor-pointer select-none border border-gray-50 !px-2 !py-1.5 dark:border-gray-850\" scope=\"col\">\n<div class=\"flex items-center gap-1.5\">Despu\u00e9s del 15 de marzo<\/div>\n<\/th>\n<\/tr>\n<\/thead>\n<tbody>\n<tr class=\"bg-white text-xs dark:border-gray-850 dark:bg-gray-900\">\n<td class=\"w-max border border-gray-50 !px-2 !py-1.5 font-medium text-gray-900 dark:border-gray-850 dark:text-white\">\n<div class=\"flex\"><strong>Profesionales<\/strong><\/div>\n<\/td>\n<td class=\"w-max border border-gray-50 !px-2 !py-1.5 font-medium text-gray-900 dark:border-gray-850 dark:text-white\">\n<div class=\"flex\">Bs 550<\/div>\n<\/td>\n<td class=\"w-max border border-gray-50 !px-2 !py-1.5 font-medium text-gray-900 dark:border-gray-850 dark:text-white\">\n<div class=\"flex\">Bs 650<\/div>\n<\/td>\n<\/tr>\n<tr class=\"bg-white text-xs dark:border-gray-850 dark:bg-gray-900\">\n<td class=\"w-max border border-gray-50 !px-2 !py-1.5 font-medium text-gray-900 dark:border-gray-850 dark:text-white\">\n<div class=\"flex\"><strong>Estudiantes<\/strong><\/div>\n<\/td>\n<td class=\"w-max border border-gray-50 !px-2 !py-1.5 font-medium text-gray-900 dark:border-gray-850 dark:text-white\">\n<div class=\"flex\">Bs 420<\/div>\n<\/td>\n<td class=\"w-max border border-gray-50 !px-2 !py-1.5 font-medium text-gray-900 dark:border-gray-850 dark:text-white\">\n<div class=\"flex\">Bs 420<\/div>\n<\/td>\n<\/tr>\n<\/tbody>\n<\/table>\n<\/div>\n<div class=\"invisible absolute right-1.5 top-1 z-20 group-hover:visible\">\n<div class=\"flex\" aria-label=\"Export to CSV\"><\/div>\n<\/div>\n<\/div>\n<hr \/>\n<h4>Inscripciones:<\/h4>\n<p>Las inscripciones ya est\u00e1n abiertas y puedes realizarlas contact\u00e1ndote con los organizadores:<\/p>\n<ul>\n<li>Tel\u00e9fono: <strong>77046701<\/strong><\/li>\n<li>Coauspiciantes: AMEVEA, UAGRM Facultad de Ciencias Veterinarias, Colegio de M\u00e9dicos Veterinarios de Santa Cruz &#8211; Bolivia.<\/li>\n<\/ul>\n<div class=\"my-2\"><\/div>\n<hr \/>\n<h4>Por qu\u00e9 asistir:<\/h4>\n<ul>\n<li><strong>Actualizaci\u00f3n T\u00e9cnica <\/strong>: Mantente al d\u00eda con las \u00faltimas investigaciones y tecnolog\u00edas en bioseguridad y producci\u00f3n av\u00edcola.<\/li>\n<li><strong>Networking <\/strong>: Conecta con otros profesionales y l\u00edderes del sector para intercambiar ideas y establecer colaboraciones.<\/li>\n<li><strong>Certificaci\u00f3n <\/strong>: Recibe certificados de participaci\u00f3n que acreditar\u00e1n tu formaci\u00f3n continua en el sector av\u00edcola.<\/li>\n<\/ul>\n<div class=\"my-2\"><\/div>\n<hr \/>\n<p>\u00a1No esperes m\u00e1s! Reg\u00edstrate ahora y prep\u00e1rate para un evento lleno de aprendizaje y oportunidades de crecimiento profesional. \u00danete al movimiento hacia una avicultura m\u00e1s segura y productiva. \ud83d\udc14\u2728<\/p>\n","protected":false},"excerpt":{"rendered":"<p>\u00a1Abierto el 1er Seminario Internacional de Bioseguridad y Productividad Av\u00edcola! \ud83d\udcc5 Fecha: 03 y 04 de abril de 2025 \ud83d\udccd Lugar: Sal\u00f3n Chiquitano de Fexpocruz \u23f0 Horarios: 7:30 a 12:30 y 14:30 a 18:30 El 1er Seminario Internacional de Bioseguridad y Productividad Av\u00edcola (SIBPA) , organizado por ADA (Asociaci\u00f3n de Avicultores), es un evento dise\u00f1ado [&hellip;]<\/p>\n","protected":false},"author":2,"featured_media":1638,"comment_status":"closed","ping_status":"closed","sticky":false,"template":"","format":"standard","meta":{"footnotes":""},"categories":[43],"tags":[],"class_list":["post-1641","post","type-post","status-publish","format-standard","has-post-thumbnail","hentry","category-noticias"],"_links":{"self":[{"href":"https:\/\/sabinasrl.com\/index.php?rest_route=\/wp\/v2\/posts\/1641","targetHints":{"allow":["GET"]}}],"collection":[{"href":"https:\/\/sabinasrl.com\/index.php?rest_route=\/wp\/v2\/posts"}],"about":[{"href":"https:\/\/sabinasrl.com\/index.php?rest_route=\/wp\/v2\/types\/post"}],"author":[{"embeddable":true,"href":"https:\/\/sabinasrl.com\/index.php?rest_route=\/wp\/v2\/users\/2"}],"replies":[{"embeddable":true,"href":"https:\/\/sabinasrl.com\/index.php?rest_route=%2Fwp%2Fv2%2Fcomments&post=1641"}],"version-history":[{"count":1,"href":"https:\/\/sabinasrl.com\/index.php?rest_route=\/wp\/v2\/posts\/1641\/revisions"}],"predecessor-version":[{"id":1642,"href":"https:\/\/sabinasrl.com\/index.php?rest_route=\/wp\/v2\/posts\/1641\/revisions\/1642"}],"wp:featuredmedia":[{"embeddable":true,"href":"https:\/\/sabinasrl.com\/index.php?rest_route=\/wp\/v2\/media\/1638"}],"wp:attachment":[{"href":"https:\/\/sabinasrl.com\/index.php?rest_route=%2Fwp%2Fv2%2Fmedia&parent=1641"}],"wp:term":[{"taxonomy":"category","embeddable":true,"href":"https:\/\/sabinasrl.com\/index.php?rest_route=%2Fwp%2Fv2%2Fcategories&post=1641"},{"taxonomy":"post_tag","embeddable":true,"href":"https:\/\/sabinasrl.com\/index.php?rest_route=%2Fwp%2Fv2%2Ftags&post=1641"}],"curies":[{"name":"wp","href":"https:\/\/api.w.org\/{rel}","templated":true}]}}