{"id":1637,"date":"2025-03-27T10:20:22","date_gmt":"2025-03-27T14:20:22","guid":{"rendered":"https:\/\/sabinasrl.com\/?p=1637"},"modified":"2025-03-27T10:20:22","modified_gmt":"2025-03-27T14:20:22","slug":"xiii-seminario-internacional-en-ciencias-avicolas","status":"publish","type":"post","link":"https:\/\/sabinasrl.com\/?p=1637","title":{"rendered":"XIII Seminario Internacional en Ciencias Av\u00edcolas"},"content":{"rendered":"<h4>\u00a1Participa en el XIII Seminario Internacional en Ciencias Av\u00edcolas!<\/h4>\n<p><strong>\ud83d\udcc5 Fecha: <\/strong>23, 24 y 25 de julio de 2025<br \/>\n<strong>\ud83d\udccd Lugar: <\/strong>Fexpocruz, Sal\u00f3n Chane<\/p>\n<div class=\"my-2\"><\/div>\n<p>El <strong>XIII Seminario Internacional en Ciencias Av\u00edcolas <\/strong>, organizado por AMEVEA Bolivia, es un evento imperdible para profesionales, productores y estudiantes interesados en el avance de la industria av\u00edcola. Este seminario se ha consolidado como una plataforma de conocimiento y actualizaci\u00f3n t\u00e9cnica que re\u00fane a expertos internacionales y locales para discutir los \u00faltimos avances en el sector.<\/p>\n<div class=\"my-2\"><\/div>\n<hr \/>\n<h4>Tem\u00e1ticas Principales:<\/h4>\n<ul>\n<li><strong>Bienestar Animal <\/strong>: Exploraremos las mejores pr\u00e1cticas para garantizar el bienestar de las aves, abordando aspectos \u00e9ticos y t\u00e9cnicos.<\/li>\n<li><strong>Nutrici\u00f3n y Salud <\/strong>: Profundizaremos en estrategias nutricionales avanzadas y m\u00e9todos de prevenci\u00f3n y manejo de enfermedades av\u00edcolas.<\/li>\n<li><strong>Producci\u00f3n Av\u00edcola <\/strong>: Analizaremos sistemas de producci\u00f3n innovadores y eficientes, as\u00ed como tecnolog\u00edas que optimicen la productividad.<\/li>\n<li><strong>Alimentaci\u00f3n <\/strong>: Discutiremos la importancia de la calidad de los alimentos en la salud y rendimiento de las aves.<\/li>\n<\/ul>\n<div class=\"my-2\"><\/div>\n<hr \/>\n<h4>Destacados Invitados:<\/h4>\n<p>Contaremos con conferencistas de renombre internacional que compartir\u00e1n sus experiencias y conocimientos en \u00e1reas clave del sector av\u00edcola. Adem\u00e1s, habr\u00e1 paneles de discusi\u00f3n, talleres pr\u00e1cticos y oportunidades de networking con l\u00edderes del sector.<\/p>\n<div class=\"my-2\"><\/div>\n<hr \/>\n<h4>Inversi\u00f3n:<\/h4>\n<p>La participaci\u00f3n est\u00e1 disponible a precios accesibles seg\u00fan las siguientes categor\u00edas:<\/p>\n<div class=\"my-2\"><\/div>\n<div class=\"group relative w-full\">\n<div class=\"scrollbar-hidden relative max-w-full overflow-x-auto whitespace-nowrap rounded-lg\">\n<table class=\"w-full max-w-full table-auto rounded-xl text-left text-sm text-gray-500 dark:text-gray-400\">\n<thead class=\"border-none bg-gray-50 text-xs uppercase text-gray-700 dark:bg-gray-850 dark:text-gray-400\">\n<tr class=\"\">\n<th class=\"cursor-pointer select-none border border-gray-50 !px-2 !py-1.5 dark:border-gray-850\" scope=\"col\">\n<div class=\"flex items-center gap-1.5\">Categor\u00eda<\/div>\n<\/th>\n<th class=\"cursor-pointer select-none border border-gray-50 !px-2 !py-1.5 dark:border-gray-850\" scope=\"col\">\n<div class=\"flex items-center gap-1.5\">Hasta el 31 de mayo<\/div>\n<\/th>\n<th class=\"cursor-pointer select-none border border-gray-50 !px-2 !py-1.5 dark:border-gray-850\" scope=\"col\">\n<div class=\"flex items-center gap-1.5\">Del 01 al 30 de junio<\/div>\n<\/th>\n<th class=\"cursor-pointer select-none border border-gray-50 !px-2 !py-1.5 dark:border-gray-850\" scope=\"col\">\n<div class=\"flex items-center gap-1.5\">Del 01 de julio al d\u00eda del evento<\/div>\n<\/th>\n<\/tr>\n<\/thead>\n<tbody>\n<tr class=\"bg-white text-xs dark:border-gray-850 dark:bg-gray-900\">\n<td class=\"w-max border border-gray-50 !px-2 !py-1.5 font-medium text-gray-900 dark:border-gray-850 dark:text-white\">\n<div class=\"flex\"><strong>Profesionales y Productores<\/strong><\/div>\n<\/td>\n<td class=\"w-max border border-gray-50 !px-2 !py-1.5 font-medium text-gray-900 dark:border-gray-850 dark:text-white\">\n<div class=\"flex\">$us. 270<\/div>\n<\/td>\n<td class=\"w-max border border-gray-50 !px-2 !py-1.5 font-medium text-gray-900 dark:border-gray-850 dark:text-white\">\n<div class=\"flex\">$us. 300<\/div>\n<\/td>\n<td class=\"w-max border border-gray-50 !px-2 !py-1.5 font-medium text-gray-900 dark:border-gray-850 dark:text-white\">\n<div class=\"flex\">$us. 320<\/div>\n<\/td>\n<\/tr>\n<tr class=\"bg-white text-xs dark:border-gray-850 dark:bg-gray-900\">\n<td class=\"w-max border border-gray-50 !px-2 !py-1.5 font-medium text-gray-900 dark:border-gray-850 dark:text-white\">\n<div class=\"flex\"><strong>Socios al d\u00eda en sus aportes hasta el 30 de junio de 2025<\/strong><\/div>\n<\/td>\n<td class=\"w-max border border-gray-50 !px-2 !py-1.5 font-medium text-gray-900 dark:border-gray-850 dark:text-white\">\n<div class=\"flex\">$us. 200<\/div>\n<\/td>\n<td class=\"w-max border border-gray-50 !px-2 !py-1.5 font-medium text-gray-900 dark:border-gray-850 dark:text-white\">\n<div class=\"flex\">N\/A<\/div>\n<\/td>\n<td class=\"w-max border border-gray-50 !px-2 !py-1.5 font-medium text-gray-900 dark:border-gray-850 dark:text-white\">\n<div class=\"flex\">N\/A<\/div>\n<\/td>\n<\/tr>\n<tr class=\"bg-white text-xs dark:border-gray-850 dark:bg-gray-900\">\n<td class=\"w-max border border-gray-50 !px-2 !py-1.5 font-medium text-gray-900 dark:border-gray-850 dark:text-white\">\n<div class=\"flex\"><strong>Estudiantes<\/strong><\/div>\n<\/td>\n<td class=\"w-max border border-gray-50 !px-2 !py-1.5 font-medium text-gray-900 dark:border-gray-850 dark:text-white\">\n<div class=\"flex\">$us. 150<\/div>\n<\/td>\n<td class=\"w-max border border-gray-50 !px-2 !py-1.5 font-medium text-gray-900 dark:border-gray-850 dark:text-white\">\n<div class=\"flex\">$us. 150<\/div>\n<\/td>\n<td class=\"w-max border border-gray-50 !px-2 !py-1.5 font-medium text-gray-900 dark:border-gray-850 dark:text-white\">\n<div class=\"flex\">$us. 150<\/div>\n<\/td>\n<\/tr>\n<\/tbody>\n<\/table>\n<\/div>\n<div class=\"invisible absolute right-1.5 top-1 z-20 group-hover:visible\">\n<div class=\"flex\" aria-label=\"Export to CSV\"><\/div>\n<\/div>\n<\/div>\n<hr \/>\n<h4>Inscripciones:<\/h4>\n<p>Para m\u00e1s informaci\u00f3n e inscripciones, comun\u00edcate con AMEVEA:<\/p>\n<ul>\n<li>Tel\u00e9fono: <strong>33366995<\/strong><\/li>\n<li>Email: <strong><a href=\"mailto:amevea.bolivia@gmail.com\" target=\"_blank\" rel=\"nofollow noopener\">amevea.bolivia@gmail.com<\/a><\/strong><\/li>\n<\/ul>\n<div class=\"my-2\"><\/div>\n<p>No te pierdas esta oportunidad de estar al d\u00eda con las tendencias y tecnolog\u00edas m\u00e1s recientes en el mundo av\u00edcola. \u00a1\u00danete a nosotros en este evento \u00fanico!<\/p>\n","protected":false},"excerpt":{"rendered":"<p>\u00a1Participa en el XIII Seminario Internacional en Ciencias Av\u00edcolas! \ud83d\udcc5 Fecha: 23, 24 y 25 de julio de 2025 \ud83d\udccd Lugar: Fexpocruz, Sal\u00f3n Chane El XIII Seminario Internacional en Ciencias Av\u00edcolas , organizado por AMEVEA Bolivia, es un evento imperdible para profesionales, productores y estudiantes interesados en el avance de la industria av\u00edcola. Este seminario [&hellip;]<\/p>\n","protected":false},"author":2,"featured_media":1639,"comment_status":"closed","ping_status":"closed","sticky":false,"template":"","format":"standard","meta":{"footnotes":""},"categories":[43],"tags":[],"class_list":["post-1637","post","type-post","status-publish","format-standard","has-post-thumbnail","hentry","category-noticias"],"_links":{"self":[{"href":"https:\/\/sabinasrl.com\/index.php?rest_route=\/wp\/v2\/posts\/1637","targetHints":{"allow":["GET"]}}],"collection":[{"href":"https:\/\/sabinasrl.com\/index.php?rest_route=\/wp\/v2\/posts"}],"about":[{"href":"https:\/\/sabinasrl.com\/index.php?rest_route=\/wp\/v2\/types\/post"}],"author":[{"embeddable":true,"href":"https:\/\/sabinasrl.com\/index.php?rest_route=\/wp\/v2\/users\/2"}],"replies":[{"embeddable":true,"href":"https:\/\/sabinasrl.com\/index.php?rest_route=%2Fwp%2Fv2%2Fcomments&post=1637"}],"version-history":[{"count":1,"href":"https:\/\/sabinasrl.com\/index.php?rest_route=\/wp\/v2\/posts\/1637\/revisions"}],"predecessor-version":[{"id":1640,"href":"https:\/\/sabinasrl.com\/index.php?rest_route=\/wp\/v2\/posts\/1637\/revisions\/1640"}],"wp:featuredmedia":[{"embeddable":true,"href":"https:\/\/sabinasrl.com\/index.php?rest_route=\/wp\/v2\/media\/1639"}],"wp:attachment":[{"href":"https:\/\/sabinasrl.com\/index.php?rest_route=%2Fwp%2Fv2%2Fmedia&parent=1637"}],"wp:term":[{"taxonomy":"category","embeddable":true,"href":"https:\/\/sabinasrl.com\/index.php?rest_route=%2Fwp%2Fv2%2Fcategories&post=1637"},{"taxonomy":"post_tag","embeddable":true,"href":"https:\/\/sabinasrl.com\/index.php?rest_route=%2Fwp%2Fv2%2Ftags&post=1637"}],"curies":[{"name":"wp","href":"https:\/\/api.w.org\/{rel}","templated":true}]}}